{"id":588,"date":"2019-11-28T16:49:16","date_gmt":"2019-11-28T18:49:16","guid":{"rendered":"https:\/\/www.embrapii.dcc.ufmg.br\/?p=588"},"modified":"2019-11-28T21:21:43","modified_gmt":"2019-11-28T23:21:43","slug":"a-k1-e-embrapii-dccufmg-andam-juntas-para-melhorar-o-atendimento-nas-utis","status":"publish","type":"post","link":"https:\/\/www.embrapii.dcc.ufmg.br\/?p=588","title":{"rendered":"A K1 e a EMBRAPII DCC\/UFMG andam juntas para melhorar o atendimento nas UTI\u2019s"},"content":{"rendered":"<p>A utiliza\u00e7\u00e3o de Intelig\u00eancia Artificial para fins biom\u00e9dicos tem sido recorrente nos \u00faltimos anos. A K1, de modo a melhorar seu portf\u00f3lio de solu\u00e7\u00f5es de intelig\u00eancia artificial para diversos segmentos e cen\u00e1rios de aplica\u00e7\u00e3o, fechou parceria de vig\u00eancia de vinte e oito meses com a EMBRAPII DCC\/UFMG em Dezembro de 2018.<\/p>\n<p>O acordo foi fixado sob a demanda de pesquisa e Desenvolvimento que a empresa teve. Assim, foi realizado o contato com a EMBRAPII que forneceu uma equipe qualificada para desenvolver novas t\u00e9cnicas de Intelig\u00eancia Artificial para Monitorar e predizer o risco e outros fatores associados a pacientes intensivos.<\/p>\n<p>A equipe do Departamento de Ci\u00eancia da Computa\u00e7\u00e3o &#8211; DCC\/UFMG atualmente desenvolve o projeto sob a coordena\u00e7\u00e3o do professor Adriano Alonso Veloso.<\/p>\n","protected":false},"excerpt":{"rendered":"<p>A utiliza\u00e7\u00e3o de Intelig\u00eancia Artificial para fins biom\u00e9dicos tem sido recorrente nos \u00faltimos anos. A K1, de modo a melhorar seu portf\u00f3lio de solu\u00e7\u00f5es de intelig\u00eancia artificial para diversos segmentos e cen\u00e1rios de aplica\u00e7\u00e3o, fechou parceria de vig\u00eancia de vinte e oito meses com a EMBRAPII DCC\/UFMG em Dezembro de 2018. O acordo foi fixado [&hellip;]<\/p>\n","protected":false},"author":4,"featured_media":614,"comment_status":"closed","ping_status":"closed","sticky":false,"template":"","format":"standard","meta":[],"categories":[26,23],"tags":[78,68,72,41,66,80,64,76,74],"_links":{"self":[{"href":"https:\/\/www.embrapii.dcc.ufmg.br\/index.php?rest_route=\/wp\/v2\/posts\/588"}],"collection":[{"href":"https:\/\/www.embrapii.dcc.ufmg.br\/index.php?rest_route=\/wp\/v2\/posts"}],"about":[{"href":"https:\/\/www.embrapii.dcc.ufmg.br\/index.php?rest_route=\/wp\/v2\/types\/post"}],"author":[{"embeddable":true,"href":"https:\/\/www.embrapii.dcc.ufmg.br\/index.php?rest_route=\/wp\/v2\/users\/4"}],"replies":[{"embeddable":true,"href":"https:\/\/www.embrapii.dcc.ufmg.br\/index.php?rest_route=%2Fwp%2Fv2%2Fcomments&post=588"}],"version-history":[{"count":4,"href":"https:\/\/www.embrapii.dcc.ufmg.br\/index.php?rest_route=\/wp\/v2\/posts\/588\/revisions"}],"predecessor-version":[{"id":595,"href":"https:\/\/www.embrapii.dcc.ufmg.br\/index.php?rest_route=\/wp\/v2\/posts\/588\/revisions\/595"}],"wp:featuredmedia":[{"embeddable":true,"href":"https:\/\/www.embrapii.dcc.ufmg.br\/index.php?rest_route=\/wp\/v2\/media\/614"}],"wp:attachment":[{"href":"https:\/\/www.embrapii.dcc.ufmg.br\/index.php?rest_route=%2Fwp%2Fv2%2Fmedia&parent=588"}],"wp:term":[{"taxonomy":"category","embeddable":true,"href":"https:\/\/www.embrapii.dcc.ufmg.br\/index.php?rest_route=%2Fwp%2Fv2%2Fcategories&post=588"},{"taxonomy":"post_tag","embeddable":true,"href":"https:\/\/www.embrapii.dcc.ufmg.br\/index.php?rest_route=%2Fwp%2Fv2%2Ftags&post=588"}],"curies":[{"name":"wp","href":"https:\/\/api.w.org\/{rel}","templated":true}]}}